{"id":6509,"date":"2025-01-01T00:02:14","date_gmt":"2025-01-01T00:02:14","guid":{"rendered":"https:\/\/liderix.mx\/?p=6509"},"modified":"2025-01-08T18:52:57","modified_gmt":"2025-01-08T18:52:57","slug":"el-desafio-de-liderar-generaciones-jovenes-en-las-organizaciones","status":"publish","type":"post","link":"https:\/\/liderix.mx\/index.php\/focus\/el-desafio-de-liderar-generaciones-jovenes-en-las-organizaciones\/","title":{"rendered":"El desaf\u00edo de liderar j\u00f3venes en las organizaciones"},"content":{"rendered":"\n<p>Hoy en d\u00eda, las empresas enfrentan uno de los retos m\u00e1s complejos en la gesti\u00f3n del talento: trabajar con las generaciones j\u00f3venes que, m\u00e1s all\u00e1 de un salario mensual, buscan experiencias, prop\u00f3sito y un entorno alineado con sus valores. Este panorama ha generado tensiones, especialmente cuando las expectativas y comportamientos de los j\u00f3venes no coinciden con los est\u00e1ndares tradicionales establecidos por generaciones anteriores.<\/p>\n\n\n\n<!--more-->\n\n\n\n<h2 class=\"wp-block-heading\">\u00bfQu\u00e9 es una generaci\u00f3n?<\/h2>\n\n\n\n<p>Para abordar este fen\u00f3meno, primero debemos entender qu\u00e9 significa generaci\u00f3n. Seg\u00fan Ogg, J. &amp; Bonvalet, C., en <em>The Baby Boomer Generation and the Birth Cohort<\/em>, una generaci\u00f3n se define como un grupo de personas nacidas en un intervalo de tiempo determinado, que comparten experiencias hist\u00f3ricas, sociales y culturales. Estas vivencias en com\u00fan crean una identidad colectiva que influye en su desarrollo personal y profesional, y que a menudo genera diferencias significativas en los valores, prioridades y actitudes de generaciones anteriores.<\/p>\n\n\n\n<figure class=\"wp-block-image size-full\"><a href=\"https:\/\/open.spotify.com\/show\/5TVqTJXqLCD6UlJDe75aXz?si=uhk22ennQYuFemcvra6J2A\" target=\"_blank\" rel=\" noreferrer noopener\"><img fetchpriority=\"high\" decoding=\"async\" width=\"820\" height=\"312\" src=\"https:\/\/liderix.mx\/wp-content\/uploads\/2024\/12\/banner_tlntos_spotify_h.jpg\" alt=\"Banner de TLENTOS Podcast en Spotify\" class=\"wp-image-6620\" srcset=\"https:\/\/liderix.mx\/wp-content\/uploads\/2024\/12\/banner_tlntos_spotify_h.jpg 820w, https:\/\/liderix.mx\/wp-content\/uploads\/2024\/12\/banner_tlntos_spotify_h-300x114.jpg 300w, https:\/\/liderix.mx\/wp-content\/uploads\/2024\/12\/banner_tlntos_spotify_h-768x292.jpg 768w, https:\/\/liderix.mx\/wp-content\/uploads\/2024\/12\/banner_tlntos_spotify_h-550x209.jpg 550w\" sizes=\"(max-width: 820px) 100vw, 820px\" \/><\/a><\/figure>\n\n\n\n<h2 class=\"wp-block-heading\">Entendiendo a las generaciones j\u00f3venes<\/h2>\n\n\n\n<p>Las generaciones j\u00f3venes, como los millennials y la generaci\u00f3n Z, valoran aspectos que van m\u00e1s all\u00e1 de lo econ\u00f3mico:<\/p>\n\n\n\n<ul class=\"wp-block-list\">\n<li><strong>Prop\u00f3sito<\/strong>: Buscan roles laborales que tengan un impacto positivo y sean significativos para su vida.<\/li>\n\n\n\n<li><strong>Flexibilidad:<\/strong> Prefieren un equilibrio entre la vida personal y profesional, rechazando horarios r\u00edgidos y estructuras jer\u00e1rquicas.<\/li>\n\n\n\n<li><strong>Crecimiento continuo:<\/strong> Valoran el aprendizaje constante y las oportunidades de desarrollo m\u00e1s que la estabilidad a largo plazo.<\/li>\n\n\n\n<li><strong>Diversidad e inclusi\u00f3n:<\/strong> Buscan entornos laborales donde la pluralidad de ideas y culturas sea bienvenida.<\/li>\n<\/ul>\n\n\n\n<p>Sin embargo, m\u00e1s all\u00e1 de las diferencias entre generaciones, debemos adoptar un enfoque de reflexi\u00f3n y aprendizaje mutuo. En lugar de pedirles a las nuevas generaciones que repitan nuestros errores, debemos admirarlas por entender algo que, como sociedad, hemos tardado mucho en reconocer:<\/p>\n\n\n\n<ul class=\"wp-block-list\">\n<li><strong>La importancia de los proyectos vitales y profesionales por encima del empleo estable.<\/strong><\/li>\n\n\n\n<li><strong>El valor del bienestar personal por encima de &#8220;crecer profesionalmente&#8221; a cualquier costo.<\/strong><\/li>\n<\/ul>\n\n\n\n<p>Estas generaciones nos ense\u00f1an a priorizar lo que realmente importa, a equilibrar nuestras vidas y a cuestionar viejas normas que no siempre han sido saludables.<\/p>\n\n\n\n<h2 class=\"wp-block-heading\">El conflicto organizacional<\/h2>\n\n\n\n<p>El choque generacional surge cuando los est\u00e1ndares de compromiso y desempe\u00f1o establecidos no coinciden con la manera en que estas generaciones abordan el trabajo. Para las generaciones mayores, el compromiso laboral tradicionalmente se refleja en la permanencia, la obediencia y el cumplimiento de horarios estrictos. Sin embargo, las generaciones j\u00f3venes lo ven desde otra perspectiva: para ellas, el compromiso se basa en sentirse valoradas, escuchadas y retadas profesionalmente.<\/p>\n\n\n\n<h3 class=\"wp-block-heading\">Claves para gestionar generaciones j\u00f3venes<\/h3>\n\n\n\n<ol class=\"wp-block-list\">\n<li><strong>Redefinir el compromiso: <\/strong>Adaptar el compromiso organizacional a las expectativas modernas, integrando valores como la autonom\u00eda y el prop\u00f3sito.<\/li>\n\n\n\n<li><strong>Fomentar el di\u00e1logo intergeneracional:<\/strong> Crear espacios donde las generaciones puedan compartir experiencias, valores y perspectivas para reducir tensiones.<\/li>\n\n\n\n<li><strong>Flexibilidad y personalizaci\u00f3n:<\/strong> Dise\u00f1ar roles y trayectorias de carrera que se alineen con las expectativas individuales de desarrollo.<\/li>\n\n\n\n<li><strong>Reconocer y celebrar los logros:<\/strong> Ofrecer retroalimentaci\u00f3n constante y reconocimiento para motivar a las generaciones j\u00f3venes.<\/li>\n\n\n\n<li><strong>Promover el aprendizaje continuo:<\/strong> Implementar programas de formaci\u00f3n que les permitan desarrollar nuevas habilidades y explorar sus intereses.<\/li>\n<\/ol>\n\n\n\n<p>Trabajar con las generaciones j\u00f3venes no solo es un desaf\u00edo, sino una oportunidad para que las empresas evolucionen hacia modelos m\u00e1s humanos, flexibles e inclusivos. En lugar de resistir el cambio, debemos aprender de su capacidad para priorizar el bienestar y el prop\u00f3sito, integrando estas lecciones en nuestras propias pr\u00e1cticas de liderazgo.<\/p>\n\n\n\n<p>Al final, el \u00e9xito organizacional no se mide solo por los logros financieros, sino tambi\u00e9n por su capacidad para adaptarse y prosperar en un mundo que valora cada vez m\u00e1s la calidad de vida y el impacto positivo.<\/p>\n","protected":false},"excerpt":{"rendered":"<div class=\"tmnf_excerpt\"><p>Aprende a liderar a las generaciones j\u00f3venes en las empresas, adaptando tu enfoque a sus valores de prop\u00f3sito, flexibilidad y crecimiento. \u00a1Descubre c\u00f3mo!<\/p>\n<\/div>","protected":false},"author":3,"featured_media":6529,"comment_status":"open","ping_status":"closed","sticky":false,"template":"","format":"standard","meta":{"_monsterinsights_skip_tracking":false,"_monsterinsights_sitenote_active":false,"_monsterinsights_sitenote_note":"","_monsterinsights_sitenote_category":0,"footnotes":""},"categories":[6],"tags":[],"class_list":["post-6509","post","type-post","status-publish","format-standard","has-post-thumbnail","hentry","category-focus"],"aioseo_notices":[],"_links":{"self":[{"href":"https:\/\/liderix.mx\/index.php\/wp-json\/wp\/v2\/posts\/6509","targetHints":{"allow":["GET"]}}],"collection":[{"href":"https:\/\/liderix.mx\/index.php\/wp-json\/wp\/v2\/posts"}],"about":[{"href":"https:\/\/liderix.mx\/index.php\/wp-json\/wp\/v2\/types\/post"}],"author":[{"embeddable":true,"href":"https:\/\/liderix.mx\/index.php\/wp-json\/wp\/v2\/users\/3"}],"replies":[{"embeddable":true,"href":"https:\/\/liderix.mx\/index.php\/wp-json\/wp\/v2\/comments?post=6509"}],"version-history":[{"count":13,"href":"https:\/\/liderix.mx\/index.php\/wp-json\/wp\/v2\/posts\/6509\/revisions"}],"predecessor-version":[{"id":6725,"href":"https:\/\/liderix.mx\/index.php\/wp-json\/wp\/v2\/posts\/6509\/revisions\/6725"}],"wp:featuredmedia":[{"embeddable":true,"href":"https:\/\/liderix.mx\/index.php\/wp-json\/wp\/v2\/media\/6529"}],"wp:attachment":[{"href":"https:\/\/liderix.mx\/index.php\/wp-json\/wp\/v2\/media?parent=6509"}],"wp:term":[{"taxonomy":"category","embeddable":true,"href":"https:\/\/liderix.mx\/index.php\/wp-json\/wp\/v2\/categories?post=6509"},{"taxonomy":"post_tag","embeddable":true,"href":"https:\/\/liderix.mx\/index.php\/wp-json\/wp\/v2\/tags?post=6509"}],"curies":[{"name":"wp","href":"https:\/\/api.w.org\/{rel}","templated":true}]}}