{"id":7261,"date":"2026-01-08T23:33:23","date_gmt":"2026-01-08T23:33:23","guid":{"rendered":"https:\/\/liderix.mx\/?p=7261"},"modified":"2026-01-08T23:46:14","modified_gmt":"2026-01-08T23:46:14","slug":"el-futuro-del-personal-branding-ia-autenticidad-y-factor-humano-nancy-vazquez","status":"publish","type":"post","link":"https:\/\/liderix.mx\/index.php\/entrevistas\/el-futuro-del-personal-branding-ia-autenticidad-y-factor-humano-nancy-vazquez\/","title":{"rendered":"El futuro del personal branding: IA, autenticidad y factor humano | Nancy V\u00e1zquez."},"content":{"rendered":"\n<p>En esta entrevista para L\u00edderix, Nancy V\u00e1zquez, speaker internacional y referente en <em>personal branding<\/em>, reflexiona sobre c\u00f3mo est\u00e1 cambiando la marca personal en un contexto marcado por la inteligencia artificial, las plataformas digitales y la necesidad de recuperar el factor humano como ventaja competitiva.<\/p>\n\n\n\n<p>Nancy explica por qu\u00e9 hoy la marca personal ya no se trata solo de visibilidad, sino de conciencia, autenticidad y medici\u00f3n del impacto real que generamos en los dem\u00e1s. A lo largo de la conversaci\u00f3n aborda temas clave como la credibilidad, la congruencia entre lo que sentimos, pensamos y hacemos, y el papel de la marca personal en el crecimiento profesional dentro y fuera de las organizaciones.<\/p>\n\n\n\n<p>Una charla clara y directa sobre c\u00f3mo gestionar la marca personal de forma estrat\u00e9gica, humana y alineada con el futuro del trabajo.<\/p>\n\n\n\n<figure class=\"wp-block-embed is-type-video is-provider-youtube wp-block-embed-youtube wp-embed-aspect-16-9 wp-has-aspect-ratio\"><div class=\"wp-block-embed__wrapper\">\n<iframe title=\"Marca personal no es likes: es confianza, autoridad y oportunidades reales | Nancy V\u00e1zquez\" width=\"1778\" height=\"1000\" src=\"https:\/\/www.youtube.com\/embed\/Btb3f0rs7qg?feature=oembed\" frameborder=\"0\" allow=\"accelerometer; autoplay; clipboard-write; encrypted-media; gyroscope; picture-in-picture; web-share\" referrerpolicy=\"strict-origin-when-cross-origin\" allowfullscreen><\/iframe>\n<\/div><\/figure>\n","protected":false},"excerpt":{"rendered":"<div class=\"tmnf_excerpt\"><p>Nancy V\u00e1zquez habla sobre el futuro del personal branding, la inteligencia artificial, la autenticidad y el factor humano.<\/p>\n<\/div>","protected":false},"author":1,"featured_media":7262,"comment_status":"open","ping_status":"closed","sticky":false,"template":"","format":"standard","meta":{"_monsterinsights_skip_tracking":false,"_monsterinsights_sitenote_active":false,"_monsterinsights_sitenote_note":"","_monsterinsights_sitenote_category":0,"footnotes":""},"categories":[84],"tags":[],"class_list":["post-7261","post","type-post","status-publish","format-standard","has-post-thumbnail","hentry","category-entrevistas"],"aioseo_notices":[],"_links":{"self":[{"href":"https:\/\/liderix.mx\/index.php\/wp-json\/wp\/v2\/posts\/7261","targetHints":{"allow":["GET"]}}],"collection":[{"href":"https:\/\/liderix.mx\/index.php\/wp-json\/wp\/v2\/posts"}],"about":[{"href":"https:\/\/liderix.mx\/index.php\/wp-json\/wp\/v2\/types\/post"}],"author":[{"embeddable":true,"href":"https:\/\/liderix.mx\/index.php\/wp-json\/wp\/v2\/users\/1"}],"replies":[{"embeddable":true,"href":"https:\/\/liderix.mx\/index.php\/wp-json\/wp\/v2\/comments?post=7261"}],"version-history":[{"count":1,"href":"https:\/\/liderix.mx\/index.php\/wp-json\/wp\/v2\/posts\/7261\/revisions"}],"predecessor-version":[{"id":7263,"href":"https:\/\/liderix.mx\/index.php\/wp-json\/wp\/v2\/posts\/7261\/revisions\/7263"}],"wp:featuredmedia":[{"embeddable":true,"href":"https:\/\/liderix.mx\/index.php\/wp-json\/wp\/v2\/media\/7262"}],"wp:attachment":[{"href":"https:\/\/liderix.mx\/index.php\/wp-json\/wp\/v2\/media?parent=7261"}],"wp:term":[{"taxonomy":"category","embeddable":true,"href":"https:\/\/liderix.mx\/index.php\/wp-json\/wp\/v2\/categories?post=7261"},{"taxonomy":"post_tag","embeddable":true,"href":"https:\/\/liderix.mx\/index.php\/wp-json\/wp\/v2\/tags?post=7261"}],"curies":[{"name":"wp","href":"https:\/\/api.w.org\/{rel}","templated":true}]}}